{"id":3171,"date":"2015-06-29T11:48:13","date_gmt":"2015-06-29T09:48:13","guid":{"rendered":"http:\/\/blog.namesztovszkizsolt.com\/?p=3171"},"modified":"2015-06-29T11:59:53","modified_gmt":"2015-06-29T09:59:53","slug":"kozgazdasagi-es-kereskedelmi-iskola-zenta-2015-junius-13","status":"publish","type":"post","link":"http:\/\/blog.namesztovszkizsolt.com\/?p=3171","title":{"rendered":"K\u00f6zgazdas\u00e1gi \u00e9s Kereskedelmi Iskola, Zenta: 2015. j\u00fanius 13."},"content":{"rendered":"<header class=\"entry-header\" style=\"color: #373737;\"><span style=\"color: #000000;\"><span style=\"color: #000000;\"><span style=\"color: #000000;\"><span style=\"color: #000000;\">A k\u00e9pz\u00e9st a <a style=\"color: #1982d1;\" href=\"http:\/\/www.pzv.org.rs\/\" target=\"_blank\"><strong>Vajdas\u00e1gi Pedag\u00f3giai Int\u00e9zet<\/strong><\/a>, valamint<\/span><\/span><\/span><\/span><span style=\"color: #000000;\"><span style=\"color: #000000;\"><span style=\"color: #000000;\">\u00a0<strong style=\"color: #1982d1;\"><a style=\"color: #1982d1;\" href=\"http:\/\/www.zuov.gov.rs\/\" target=\"_blank\">Oktat\u00e1s \u00e9s Nevel\u00e9s Fejleszt\u00e9s\u00e9vel Foglakoz\u00f3 Int\u00e9zet<\/a>\u00a0<\/strong><\/span><\/span><\/span><span style=\"color: #000000;\"><span style=\"color: #000000;\">akkredit\u00e1lta (<a style=\"color: #1982d1;\" href=\"http:\/\/katalog2015.zuov.rs\/Program2015.aspx?katbroj=820&amp;godina=2014\/2015\" target=\"_blank\"><strong>katal\u00f3gussz\u00e1m: 820<\/strong><\/a>).\u00a0<\/span><\/span><\/header>\n<header class=\"entry-header\" style=\"color: #373737;\"><span style=\"color: #ffffff;\">.<\/span><\/header>\n<header class=\"entry-header\" style=\"color: #373737;\"><\/header>\n<header class=\"entry-header\" style=\"color: #373737;\">T\u00e1mogat\u00f3:\u00a0<a style=\"color: #1982d1;\" href=\"http:\/\/bgazrt.hu\/\" target=\"_blank\"><strong>Bethlen G\u00e1bor Alap<\/strong><\/a><\/header>\n<header class=\"entry-header\" style=\"color: #373737;\"><span style=\"color: #ffffff;\">.<\/span><\/header>\n<header class=\"entry-header\" style=\"color: #373737;\"><\/header>\n<header class=\"entry-header\" style=\"color: #373737;\">Szervez\u0151:\u00a0<a style=\"color: #1982d1;\" href=\"http:\/\/www.mnt.org.rs\/\" target=\"_blank\"><strong>Magyar Nemzeti Tan\u00e1cs<\/strong><\/a><\/header>\n<header class=\"entry-header\" style=\"color: #373737;\"><span style=\"color: #ffffff;\">.<\/span><\/header>\n<header class=\"entry-header\" style=\"color: #373737;\"><\/header>\n<header class=\"entry-header\" style=\"color: #373737;\"><\/header>\n<header class=\"entry-header\" style=\"color: #373737;\"><span style=\"color: #000000;\">A k\u00e9pz\u00e9s vezet\u0151je: N\u00e1mesztovszki Zsolt<\/span><\/header>\n<header class=\"entry-header\" style=\"color: #373737;\"><span style=\"color: #ffffff;\">.<\/span><\/header>\n<header class=\"entry-header\" style=\"color: #373737;\"><\/header>\n<header class=\"entry-header\" style=\"color: #373737;\"><span style=\"color: #000000;\">El\u0151ad\u00f3k: Csap\u00f3 M\u00f3nika, N\u00e1mesztovszki Zsolt, Vink\u00f3 Attila,\u00a0Zita Diana<\/span><\/header>\n<header class=\"entry-header\" style=\"color: #373737;\"><span style=\"color: #ffffff;\">.<\/span><\/header>\n<header class=\"entry-header\" style=\"color: #373737;\"><span style=\"color: #000000;\">Seg\u00edt\u0151 hallgat\u00f3k: Bal\u00e1zs Piri Dorottya, G\u00e1l L\u00eddia, Kov\u00e1cs Cintia<\/span><\/header>\n<header class=\"entry-header\" style=\"color: #373737;\"><span style=\"color: #ffffff;\">..<\/span><\/header>\n<header class=\"entry-header\" style=\"color: #373737;\"><\/header>\n<header class=\"entry-header\" style=\"color: #373737;\"><span style=\"color: #000000;\">Helysz\u00edn: Zenta,\u00a0<a style=\"color: #1982d1;\" href=\"http:\/\/www.ekonomska-skola.rs\/\" target=\"_blank\"><strong>K\u00f6zgazdas\u00e1gi \u00e9s Kereskedelmi Iskola<\/strong><\/a><\/span><\/header>\n<header class=\"entry-header\" style=\"color: #373737;\"><\/header>\n<header class=\"entry-header\" style=\"color: #373737;\"><span style=\"color: #ffffff;\">.<\/span><\/header>\n<header class=\"entry-header\" style=\"color: #373737;\"><span style=\"color: #000000;\">Id\u0151pont: 2015. j\u00fanius 13.<\/span><\/header>\n<header class=\"entry-header\" style=\"color: #373737;\"><span style=\"color: #ffffff;\">.<\/span><\/header>\n<header class=\"entry-header\" style=\"color: #373737;\"><span style=\"color: #000000;\">\u00d3rasz\u00e1m: 12<\/span><\/header>\n<header class=\"entry-header\" style=\"color: #373737;\"><span style=\"color: #ffffff;\">.<\/span><\/header>\n<header class=\"entry-header\" style=\"color: #373737;\"><\/header>\n<header class=\"entry-header\" style=\"color: #373737;\"><\/header>\n<header class=\"entry-header\" style=\"color: #373737;\"><span style=\"color: #000000;\">R\u00e9sztvev\u0151k sz\u00e1ma: 57.<\/span><\/header>\n<div class=\"entry-content\" style=\"color: #373737;\">\n<p style=\"text-align: justify;\"><span style=\"color: #000000;\">1. Antal Bettina 2. Apro Marija 3. \u00c1rp\u00e1s Attila 4. Banda Irena 5. Bar\u00e1th R\u00f3bert 6. Barsi Anita 7. Berze Gizela 8. B\u00edr\u00f3 Zolt\u00e1n 9. Borsos Eva 10. Brindza Ervin 11. \u010cizmadia Atila 12. \u010cizmadia Horvat Timea 13. Csernik Ilma 14. Danji Ildiko 15. Domonkos Szilvia 16. Filep Valentin 17. Filipovi\u0107 Marina 18. Fleisz Tam\u00e1s 19. Galg\u00f3 Ferenci Andrea 20. Galusz Zolt\u00e1n 21. Gazdag \u010caba 22. Hirs Anita 23. Horvat Hedi 24. Ildiko Men\u0111an Pletikosi\u0107 25. Jelacsik Sutus Agota 26. Kanjo Marija 27. Kapista Gabriela 28. Kasz\u00e1s \u00c9va 29. Kelemen Magda 30. Keszeg Levente 31. Kokai Robert 32. Ko\u00f3s Holl\u00f3 T\u00edmea 33. Kopas Tamara 34. Korm\u00e1nyos Andrea 35. Kri\u017ean Livia 36. Lakatos Boja M\u00e1rta 37. Ma\u010dkovi\u0107 Klara 38. M\u00e9sz\u00e1ros Eszter 39. Na\u0111 Abonji Eniko 40. Ostojin Molnar Ildiko 41. Otilija Dognar Vorgic 42. Pask\u00f3 Csaba 43. Pe\u010d Blanka 44. Perpauer Atila 45. Pozsgai Zs\u00f3fia 46. Puri\u0107 Ildiko 47. Rus \u017du\u017eana 48. Sava Vuji\u010di\u0107 49. Si\u0111i Valeria 50. Sz\u00e9n\u00e1si Oszk\u00e1r 51. Szil\u00e1gyi M\u00e1ria 52. Tere\u010dik Judit 53. Vamos Andrea 54. Vas Sarolta 55. Vatai Eva 56. Vere\u0161 Flora 57. \u017du\u017eana Rekecki Konc<\/span><\/p>\n<p style=\"font-weight: inherit;\"><span style=\"color: #000000;\">R\u00e9sztvev\u0151k foglalkoz\u00e1sa:\u00a0tan\u00edt\u00f3, tan\u00e1r (\u00e1ltal\u00e1nos iskola), tan\u00e1rok (k\u00f6z\u00e9piskola), igazgat\u00f3 \u00e9s igazgat\u00f3helyettes<\/span><\/p>\n<p style=\"font-weight: inherit;\"><strong><span style=\"color: #000000;\">A k\u00e9pz\u00e9s beoszt\u00e1sa (forg\u00f3sz\u00ednpad)<\/span><\/strong><\/p>\n<p style=\"font-weight: inherit;\"><img loading=\"lazy\" class=\"aligncenter size-full wp-image-3175\" src=\"http:\/\/blog.namesztovszkizsolt.com\/wp-content\/uploads\/2009\/10\/zenta.png\" alt=\"\" width=\"584\" height=\"1168\" srcset=\"http:\/\/blog.namesztovszkizsolt.com\/wp-content\/uploads\/2009\/10\/zenta.png 584w, http:\/\/blog.namesztovszkizsolt.com\/wp-content\/uploads\/2009\/10\/zenta-150x300.png 150w, http:\/\/blog.namesztovszkizsolt.com\/wp-content\/uploads\/2009\/10\/zenta-512x1024.png 512w\" sizes=\"(max-width: 584px) 100vw, 584px\" \/><\/p>\n<\/div>\n<p style=\"text-align: center;\"><strong><span style=\"color: #000000;\">Szakirodalom\/Bemutatott prezent\u00e1ci\u00f3k<\/span><\/strong><\/p>\n<p><strong>ELM\u00c9LETI ALAPOK<\/strong><\/p>\n<p><strong><strong><a href=\"http:\/\/blog.namesztovszkizsolt.com\/wp-content\/uploads\/2009\/10\/CsapoWeb2MNT.ppt\" target=\"_blank\">Csap\u00f3 M\u00f3nika: A web 2.0 alkalmaz\u00e1s\u00e1nak pedag\u00f3giai\u00a0 \u00e9s didaktikia alapjai<\/a><\/strong><\/strong><\/p>\n<p><strong>SOCRATIVE<\/strong><\/p>\n<p><strong><strong><a href=\"http:\/\/blog.namesztovszkizsolt.com\/?p=3036\" target=\"_blank\">N\u00e1mesztovszki Zsolt:\u00a0Socrative \u2013 az aktu\u00e1lis innov\u00e1ci\u00f3s t\u00f6rekv\u00e9sem<\/a><\/strong><\/strong><\/p>\n<p><strong>WORDPRESS<\/strong><\/p>\n<p><strong><strong><a href=\"http:\/\/blog.namesztovszkizsolt.com\/wp-content\/uploads\/2009\/10\/AWorPressTelepitese.pdf\" target=\"_blank\">N\u00e1mesztovszki Zsolt:\u00a0A WordPress telep\u00edt\u00e9s\u00e9nek l\u00e9p\u00e9sei<\/a><\/strong><\/strong><\/p>\n<p><strong><a href=\"http:\/\/blog.namesztovszkizsolt.com\/wp-content\/uploads\/2009\/10\/WorPressTestreszabas.pdf\" target=\"_blank\">N\u00e1mesztovszki Zsolt: A WordPress testreszab\u00e1sa<\/a><\/strong><\/p>\n<p><strong><a href=\"http:\/\/blog.namesztovszkizsolt.com\/wp-content\/uploads\/2009\/10\/WorPressOldalakesBejegyzesekLetrehozasa.pdf\" target=\"_blank\">N\u00e1mesztovszki Zsolt: Bejegyz\u00e9sek, oldalak l\u00e9trehoz\u00e1sa \u00e9s szerkeszt\u00e9se WordPress-ben<\/a><\/strong><\/p>\n<p><strong><a href=\"http:\/\/blog.namesztovszkizsolt.com\/wp-content\/uploads\/2009\/10\/WorPressBovitmenyek.pdf\" target=\"_blank\">N\u00e1mesztovszki Zsolt: B\u0151v\u00edtm\u00e9nyek telep\u00edt\u00e9se \u00e9s szerkeszt\u00e9se WordPress-ben<\/a><\/strong><\/p>\n<p><iframe loading=\"lazy\" src=\"\/\/www.youtube.com\/embed\/OLs7hBUadTE\" width=\"560\" height=\"315\" frameborder=\"0\" allowfullscreen=\"allowfullscreen\"><\/iframe><\/p>\n<p><strong>MOODLE<\/strong><\/p>\n<p><strong><a href=\"http:\/\/blog.namesztovszkizsolt.com\/wp-content\/uploads\/2009\/10\/VinkoAttila-Moodle.pdf\" target=\"_blank\">Vink\u00f3 Attila: MOODLE seg\u00e9danyag<\/a><\/strong><\/p>\n<p><strong>MATEMATIKA<\/strong><\/p>\n<p><strong><a href=\"http:\/\/blog.namesztovszkizsolt.com\/wp-content\/uploads\/2009\/10\/TakacsWeb2MNT.ppt\" target=\"_blank\">Zita Diana: Webkettes alkalmaz\u00e1sok a matematikaoktat\u00e1sban<\/a><\/strong><\/p>\n<p><strong>PREZI<\/strong><\/p>\n<p><iframe loading=\"lazy\" src=\"\/\/www.youtube.com\/embed\/V5ixpqmzdWU\" width=\"560\" height=\"315\" frameborder=\"0\" allowfullscreen=\"allowfullscreen\"><\/iframe><\/p>\n<p>&nbsp;<\/p>\n<p><strong style=\"color: #333333;\"><a href=\"http:\/\/www.mnt.org.rs\/oktatas\/web-20-tovabbkepzes-zentan\" target=\"_blank\">K\u00e9pt\u00e1r (www.mnt.org.rs)<\/a><\/strong><\/p>\n<p><strong style=\"color: #333333;\"><a href=\"http:\/\/pannonrtv.com\/web\/?p=210275\" target=\"_blank\">A Pannon RTV tud\u00f3s\u00edt\u00e1sa (www.pannonrtv.com)<\/a><\/strong><\/p>\n<p style=\"text-align: center;\"><a style=\"color: #1982d1;\" href=\"http:\/\/blog.namesztovszkizsolt.com\/wp-content\/uploads\/2009\/10\/2015JuniusKiertekelesZenta.xls\" target=\"_blank\"><strong>A szemin\u00e1rium ki\u00e9rt\u00e9kel\u00e9se a r\u00e9sztvev\u0151k v\u00e9lem\u00e9nye alapj\u00e1n<\/strong><\/a><\/p>\n<div id=\"facebook_like\"><iframe src=\"http:\/\/www.facebook.com\/plugins\/like.php?href=http%3A%2F%2Fblog.namesztovszkizsolt.com%2F%3Fp%3D3171&amp;layout=standard&amp;show_faces=true&amp;width=500&amp;action=like&amp;font=segoe+ui&amp;colorscheme=light&amp;height=80\" scrolling=\"no\" frameborder=\"0\" style=\"border:none; overflow:hidden; width:500px; height:80px;\" allowTransparency=\"true\"><\/iframe><\/div>","protected":false},"excerpt":{"rendered":"<p>A k\u00e9pz\u00e9st a Vajdas\u00e1gi Pedag\u00f3giai Int\u00e9zet, valamint\u00a0Oktat\u00e1s \u00e9s Nevel\u00e9s Fejleszt\u00e9s\u00e9vel Foglakoz\u00f3 Int\u00e9zet\u00a0akkredit\u00e1lta (katal\u00f3gussz\u00e1m: 820).\u00a0 . T\u00e1mogat\u00f3:\u00a0Bethlen G\u00e1bor Alap . Szervez\u0151:\u00a0Magyar Nemzeti Tan\u00e1cs . A k\u00e9pz\u00e9s vezet\u0151je: N\u00e1mesztovszki Zsolt . El\u0151ad\u00f3k: Csap\u00f3 M\u00f3nika, N\u00e1mesztovszki Zsolt, Vink\u00f3 Attila,\u00a0Zita Diana . Seg\u00edt\u0151 hallgat\u00f3k: &hellip; <a href=\"http:\/\/blog.namesztovszkizsolt.com\/?p=3171\">Continue reading <span class=\"meta-nav\">&rarr;<\/span><\/a><\/p>\n","protected":false},"author":1,"featured_media":0,"comment_status":"open","ping_status":"open","sticky":false,"template":"","format":"standard","meta":[],"categories":[8,22,13,30,21],"tags":[],"_links":{"self":[{"href":"http:\/\/blog.namesztovszkizsolt.com\/index.php?rest_route=\/wp\/v2\/posts\/3171"}],"collection":[{"href":"http:\/\/blog.namesztovszkizsolt.com\/index.php?rest_route=\/wp\/v2\/posts"}],"about":[{"href":"http:\/\/blog.namesztovszkizsolt.com\/index.php?rest_route=\/wp\/v2\/types\/post"}],"author":[{"embeddable":true,"href":"http:\/\/blog.namesztovszkizsolt.com\/index.php?rest_route=\/wp\/v2\/users\/1"}],"replies":[{"embeddable":true,"href":"http:\/\/blog.namesztovszkizsolt.com\/index.php?rest_route=%2Fwp%2Fv2%2Fcomments&post=3171"}],"version-history":[{"count":13,"href":"http:\/\/blog.namesztovszkizsolt.com\/index.php?rest_route=\/wp\/v2\/posts\/3171\/revisions"}],"predecessor-version":[{"id":3191,"href":"http:\/\/blog.namesztovszkizsolt.com\/index.php?rest_route=\/wp\/v2\/posts\/3171\/revisions\/3191"}],"wp:attachment":[{"href":"http:\/\/blog.namesztovszkizsolt.com\/index.php?rest_route=%2Fwp%2Fv2%2Fmedia&parent=3171"}],"wp:term":[{"taxonomy":"category","embeddable":true,"href":"http:\/\/blog.namesztovszkizsolt.com\/index.php?rest_route=%2Fwp%2Fv2%2Fcategories&post=3171"},{"taxonomy":"post_tag","embeddable":true,"href":"http:\/\/blog.namesztovszkizsolt.com\/index.php?rest_route=%2Fwp%2Fv2%2Ftags&post=3171"}],"curies":[{"name":"wp","href":"https:\/\/api.w.org\/{rel}","templated":true}]}}