{"id":2727,"date":"2013-11-02T12:16:16","date_gmt":"2013-11-02T11:16:16","guid":{"rendered":"http:\/\/blog.namesztovszkizsolt.com\/?p=2727"},"modified":"2013-11-02T13:45:41","modified_gmt":"2013-11-02T12:45:41","slug":"egesz-uton-gondolataim-a-digitalis-allampolgarsag-kutataskonferencia-kapcsan","status":"publish","type":"post","link":"http:\/\/blog.namesztovszkizsolt.com\/?p=2727","title":{"rendered":"Gondolataim a Digit\u00e1lis \u00e1llampolg\u00e1rs\u00e1g kutat\u00e1s\/konferencia kapcs\u00e1n"},"content":{"rendered":"<p style=\"text-align: justify;\">A <a href=\"http:\/\/digitalisallampolgarsag.hu\" target=\"_blank\">Digit\u00e1lis \u00e1llampolg\u00e1rs\u00e1g konferenci\u00e1n<\/a>, amely 2013. okt\u00f3ber 26-\u00e1n ker\u00fclt megszervez\u00e9sre az ELTE PPK ITOK\u00a0<a href=\"http:\/\/digitalisallampolgarsag.hu\/kutatas\/a-kutatocsoport-tagjai\/\" target=\"_blank\">kutat\u00f3csoportja<\/a>\u00a0bemutatta a modellt, amely\u00a0Ribble-f\u00e9le digit\u00e1lis \u00e1llampolg\u00e1rs\u00e1g modellj\u00e9b\u0151l indult ki \u00e9s az egyes r\u00e9szek be\u00e9p\u00edt\u00e9s\u00e9vel, valamint tov\u00e1bb\u00e9p\u00edt\u00e9s\u00e9vel j\u00f6tt l\u00e9tre &#8211; ITOK\u00a0 digit\u00e1lis \u00e1llampolg\u00e1rs\u00e1g modellt (Oll\u00e9 \u00e9s mtsai, 2013.), valamint az erre \u00e9p\u00fcl\u0151 empirikus kutat\u00e1s\u00e1t.<\/p>\n<p style=\"text-align: justify;\">A sz\u00e1mos figyelemre m\u00e9lt\u00f3 eredm\u00e9ny mellett, sz\u00e1momra a gener\u00e1ci\u00f3s elm\u00e9let \u00fajabb megk\u00e9rd\u0151jelez\u00e9se, imm\u00e1r statisztikai eredm\u00e9nyekkel al\u00e1t\u00e1masztva. Marc Prensky 2001-ben publik\u00e1lt tanulm\u00e1nya Digit\u00e1lis bennsz\u00fcl\u00f6ttek \u00e9s digit\u00e1lis bev\u00e1ndorl\u00f3k c\u00edmmel (<a href=\"http:\/\/www.marcprensky.com\/writing\/Prensky%20-%20Digital%20Natives,%20Digital%20Immigrants%20-%20Part1.pdf\" target=\"_blank\">angolul<\/a>,\u00a0<a href=\"http:\/\/goliat.eik.bme.hu\/~emese\/gtk-mo\/didaktika\/digital_kids.pdf\" target=\"_blank\">magyarul<\/a>), hab\u00e1r az elm\u00e9let helyess\u00e9g\u00e9nek kivizsg\u00e1l\u00e1sa nem t\u00f6rt\u00e9nt meg el\u00e9g alaposs\u00e1ggal, sokan fogadt\u00e1k, fogadj\u00e1k el alapigazs\u00e1gk\u00e9nt, meghat\u00e1rozta az emberek gondolkod\u00e1s\u00e1t, viszonyul\u00e1s\u00e1t az IKT \u00a0eszk\u00f6z\u00f6k alkalmaz\u00e1s\u00e1nak tekintet\u00e9ben. Amellett, hogy val\u00f3ban \u00e9rdekes elm\u00e9lkedni a szerz\u0151 \u00e1ltal felv\u00e1zolt probl\u00e9m\u00e1n, els\u0151sorban hogy hogyan tan\u00edthatj\u00e1k a digit\u00e1lis bev\u00e1ndorl\u00f3k a digit\u00e1lis bennsz\u00fcl\u00f6tteket, nagyon sokszor \u00fagy \u00e9rzem, hogy \u00fcr\u00fcgyk\u00e9nt szolg\u00e1l ez a gener\u00e1ci\u00f3s elm\u00e9let az informatika tan\u00edt\u00e1s\u00e1nak k\u00f6zoktat\u00e1sban tapasztalt alacsony hat\u00e9konys\u00e1g\u00e1ra (\u00e9n \u00fagyis bev\u00e1ndorl\u00f3 vagyok &#8211; mire tan\u00edtsam meg a bennsz\u00fcl\u00f6tteket, akik eg\u00e9rrel a kez\u00fckben cseperedtek fel &#8211; kifog\u00e1ssor).<\/p>\n<p style=\"text-align: justify;\">Prensky elm\u00e9let\u00e9re visszat\u00e9rve \u00e9s ennek t\u00falhalad\u00e1s\u00e1t k\u00e9t felt\u00e9telez\u00e9s k\u00f6r\u00e9 tudn\u00e1m csoportos\u00edtani:<\/p>\n<ul>\n<li style=\"text-align: justify;\">Az elm\u00e9let m\u00e1r a keletkez\u00e9sekor sem volt helyt\u00e1ll\u00f3 \u00e9s val\u00f3j\u00e1ban egy vakv\u00e1g\u00e1nyra terelte a k\u00f6zv\u00e9lem\u00e9nyt<\/li>\n<li style=\"text-align: justify;\">Az IKT eszk\u00f6z\u00f6k, de els\u0151sorban a szoftveres t\u00e1mogat\u00e1s is sokat fejl\u0151d\u00f6tt \u00e9s eljutott egy olyan szintre, amikor a hat\u00e9konys\u00e1g els\u0151sorban a szem\u00e9lyes motiv\u00e1ci\u00f3s \u00e9s a r\u00e1ford\u00edtott id\u0151 \u00e9s energia, nem az el\u0151zetes ismeretek, f\u00fcggv\u00e9nye (gondoljunk csak a soros programoz\u00e1st\u00f3l indul\u00f3 \u00e9s a &#8220;fogd \u00e9s vidd&#8221; m\u00f3dszerig eljut\u00f3 felhaszn\u00e1l\u00f3bar\u00e1t fel\u00fcletekre). \u00a0Ide tartozik m\u00e9g az IKT eszk\u00f6z\u00f6k el\u00e9rhet\u0151v\u00e9 v\u00e1l\u00e1sa is.<\/li>\n<\/ul>\n<p style=\"text-align: justify;\">Ek\u00f6zben eltelt t\u00f6bb mint 10 \u00e9v \u00e9s a szakad\u00e9k nagyobb lett, nem a digit\u00e1lis bennsz\u00fcl\u00f6ttek \u00e9s a bev\u00e1ndorl\u00f3k k\u00f6z\u00f6tt, hanem konkr\u00e9t l\u00e9p\u00e9sek mellett d\u00f6nt\u0151 felhaszn\u00e1l\u00f3k \u00e9s az ett\u0151l teljesen elz\u00e1rk\u00f3z\u00f3, ma m\u00e1r technof\u00f3b kateg\u00f3ri\u00e1ba tartoz\u00f3 \u00e1llampolg\u00e1rok k\u00f6z\u00f6tt. Hab\u00e1r a &#8220;nem tudom&#8221; mellett a &#8220;nincs id\u0151m r\u00e1&#8221; kifog\u00e1s er\u0151s\u00f6dik meg. Mindezt figyelembe v\u00e9ve \u00fajra azt tudom hangs\u00falyozni (az oktat\u00e1sban begy\u0171jt\u00f6tt tapasztalataimb\u00f3l kiindulva), hogy a hat\u00e9konys\u00e1g (munkav\u00e9gz\u00e9s) \u00e9s a szakmai fejl\u0151d\u00e9s az IKT eszk\u00f6z\u00f6k megker\u00fcl\u00e9s\u00e9vel szinte a lehetetlen.<\/p>\n<p style=\"text-align: justify;\">Mindezt al\u00e1h\u00fazva, el kell mondani, hogy a helyzet t\u00e1volr\u00f3l sem olyan idillikus, mint ezt Prensky felv\u00e1zolta a digit\u00e1lis bennsz\u00fcl\u00f6ttek k\u00f6r\u00e9ben. Ha megfigyelj\u00fck a megalkotott modellt, vil\u00e1goss\u00e1 v\u00e1lik, hogy sz\u00fcl\u0151k\u00e9nt, vagy pedag\u00f3gusk\u00e9nt, b\u0151ven akad teend\u0151 a helyes tartalom- \u00e9s id\u0151menedzsmentt\u0151l kezdve a biztons\u00e1gos internethaszn\u00e1laton \u00e1t, a digit\u00e1lis l\u00e1bnyom fontoss\u00e1g\u00e1nak tudatos\u00edt\u00e1s\u00e1t\u00f3l eg\u00e9szen a helyes eszk\u00f6z alkalmaz\u00e1sig, nem elhanyagolva az informatikai kompetenciafejleszt\u00e9st sem.<\/p>\n<p><a href=\"http:\/\/digitalisallampolgarsag.hu\/kozvetites\/\" target=\"_blank\">A konferencia k\u00f6zvet\u00edt\u00e9se<\/a><\/p>\n<p><a href=\"http:\/\/digitalisallampolgarsag.hu\/konferenciakotet\/\" target=\"_blank\">Konferenciak\u00f6tet<\/a><\/p>\n<div id=\"facebook_like\"><iframe src=\"http:\/\/www.facebook.com\/plugins\/like.php?href=http%3A%2F%2Fblog.namesztovszkizsolt.com%2F%3Fp%3D2727&amp;layout=standard&amp;show_faces=true&amp;width=500&amp;action=like&amp;font=segoe+ui&amp;colorscheme=light&amp;height=80\" scrolling=\"no\" frameborder=\"0\" style=\"border:none; overflow:hidden; width:500px; height:80px;\" allowTransparency=\"true\"><\/iframe><\/div>","protected":false},"excerpt":{"rendered":"<p>A Digit\u00e1lis \u00e1llampolg\u00e1rs\u00e1g konferenci\u00e1n, amely 2013. okt\u00f3ber 26-\u00e1n ker\u00fclt megszervez\u00e9sre az ELTE PPK ITOK\u00a0kutat\u00f3csoportja\u00a0bemutatta a modellt, amely\u00a0Ribble-f\u00e9le digit\u00e1lis \u00e1llampolg\u00e1rs\u00e1g modellj\u00e9b\u0151l indult ki \u00e9s az egyes r\u00e9szek be\u00e9p\u00edt\u00e9s\u00e9vel, valamint tov\u00e1bb\u00e9p\u00edt\u00e9s\u00e9vel j\u00f6tt l\u00e9tre &#8211; ITOK\u00a0 digit\u00e1lis \u00e1llampolg\u00e1rs\u00e1g modellt (Oll\u00e9 \u00e9s mtsai, 2013.), &hellip; <a href=\"http:\/\/blog.namesztovszkizsolt.com\/?p=2727\">Continue reading <span class=\"meta-nav\">&rarr;<\/span><\/a><\/p>\n","protected":false},"author":1,"featured_media":0,"comment_status":"open","ping_status":"open","sticky":false,"template":"","format":"standard","meta":[],"categories":[8],"tags":[],"_links":{"self":[{"href":"http:\/\/blog.namesztovszkizsolt.com\/index.php?rest_route=\/wp\/v2\/posts\/2727"}],"collection":[{"href":"http:\/\/blog.namesztovszkizsolt.com\/index.php?rest_route=\/wp\/v2\/posts"}],"about":[{"href":"http:\/\/blog.namesztovszkizsolt.com\/index.php?rest_route=\/wp\/v2\/types\/post"}],"author":[{"embeddable":true,"href":"http:\/\/blog.namesztovszkizsolt.com\/index.php?rest_route=\/wp\/v2\/users\/1"}],"replies":[{"embeddable":true,"href":"http:\/\/blog.namesztovszkizsolt.com\/index.php?rest_route=%2Fwp%2Fv2%2Fcomments&post=2727"}],"version-history":[{"count":12,"href":"http:\/\/blog.namesztovszkizsolt.com\/index.php?rest_route=\/wp\/v2\/posts\/2727\/revisions"}],"predecessor-version":[{"id":2730,"href":"http:\/\/blog.namesztovszkizsolt.com\/index.php?rest_route=\/wp\/v2\/posts\/2727\/revisions\/2730"}],"wp:attachment":[{"href":"http:\/\/blog.namesztovszkizsolt.com\/index.php?rest_route=%2Fwp%2Fv2%2Fmedia&parent=2727"}],"wp:term":[{"taxonomy":"category","embeddable":true,"href":"http:\/\/blog.namesztovszkizsolt.com\/index.php?rest_route=%2Fwp%2Fv2%2Fcategories&post=2727"},{"taxonomy":"post_tag","embeddable":true,"href":"http:\/\/blog.namesztovszkizsolt.com\/index.php?rest_route=%2Fwp%2Fv2%2Ftags&post=2727"}],"curies":[{"name":"wp","href":"https:\/\/api.w.org\/{rel}","templated":true}]}}